{"id":1823,"date":"2022-10-04T17:06:36","date_gmt":"2022-10-04T20:06:36","guid":{"rendered":"http:\/\/testemangue.com.br\/valber\/velten-alimentos\/?p=1823"},"modified":"2022-10-04T17:09:03","modified_gmt":"2022-10-04T20:09:03","slug":"confira-como-e-o-processo-de-producao-de-ovos-de-codorna-em-conserva-no-es","status":"publish","type":"post","link":"https:\/\/veltenalimentos.com.br\/en\/2022\/10\/04\/confira-como-e-o-processo-de-producao-de-ovos-de-codorna-em-conserva-no-es\/","title":{"rendered":"Confira como \u00e9 o processo de produ\u00e7\u00e3o de ovos de codorna em conserva no ES"},"content":{"rendered":"<div style=\"width: 720px;\" class=\"wp-video\"><video class=\"wp-video-shortcode\" id=\"video-1823-1\" width=\"720\" height=\"480\" preload=\"metadata\" controls=\"controls\"><source type=\"video\/mp4\" src=\"http:\/\/testemangue.com.br\/valber\/velten-alimentos\/wp-content\/uploads\/2022\/10\/WhatsApp-Video-2022-10-04-at-11.03.44.mp4?_=1\" \/><a href=\"http:\/\/testemangue.com.br\/valber\/velten-alimentos\/wp-content\/uploads\/2022\/10\/WhatsApp-Video-2022-10-04-at-11.03.44.mp4\">http:\/\/testemangue.com.br\/valber\/velten-alimentos\/wp-content\/uploads\/2022\/10\/WhatsApp-Video-2022-10-04-at-11.03.44.mp4<\/a><\/video><\/div>\n<p>Confira a mat\u00e9ria na integra clicando aqui: <a href=\"https:\/\/globoplay.globo.com\/v\/10554276\/\" target=\"_blank\" rel=\"noopener\">https:\/\/globoplay.globo.com\/v\/10554276\/<\/a><\/p>","protected":false},"excerpt":{"rendered":"<p>Confira a mat\u00e9ria na integra clicando aqui: https:\/\/globoplay.globo.com\/v\/10554276\/<\/p>","protected":false},"author":1,"featured_media":1826,"comment_status":"open","ping_status":"open","sticky":false,"template":"","format":"standard","meta":{"footnotes":""},"categories":[63],"tags":[],"class_list":["post-1823","post","type-post","status-publish","format-standard","has-post-thumbnail","hentry","category-midia"],"yoast_head":"<!-- This site is optimized with the Yoast SEO plugin v27.5 - https:\/\/yoast.com\/product\/yoast-seo-wordpress\/ -->\n<title>Confira como \u00e9 o processo de produ\u00e7\u00e3o de ovos de codorna em conserva no ES - Velten Alimentos<\/title>\n<meta name=\"description\" content=\"Confira como \u00e9 o processo de produ\u00e7\u00e3o de ovos de codorna em conserva no ES\" \/>\n<meta name=\"robots\" content=\"index, follow, max-snippet:-1, max-image-preview:large, max-video-preview:-1\" \/>\n<link rel=\"canonical\" href=\"https:\/\/veltenalimentos.com.br\/en\/2022\/10\/04\/confira-como-e-o-processo-de-producao-de-ovos-de-codorna-em-conserva-no-es\/\" \/>\n<meta property=\"og:locale\" content=\"en_US\" \/>\n<meta property=\"og:type\" content=\"article\" \/>\n<meta property=\"og:title\" content=\"Confira como \u00e9 o processo de produ\u00e7\u00e3o de ovos de codorna em conserva no ES - Velten Alimentos\" \/>\n<meta property=\"og:description\" content=\"Confira como \u00e9 o processo de produ\u00e7\u00e3o de ovos de codorna em conserva no ES\" \/>\n<meta property=\"og:url\" content=\"https:\/\/veltenalimentos.com.br\/en\/2022\/10\/04\/confira-como-e-o-processo-de-producao-de-ovos-de-codorna-em-conserva-no-es\/\" \/>\n<meta property=\"og:site_name\" content=\"Velten Alimentos\" \/>\n<meta property=\"article:published_time\" content=\"2022-10-04T20:06:36+00:00\" \/>\n<meta property=\"article:modified_time\" content=\"2022-10-04T20:09:03+00:00\" \/>\n<meta property=\"og:image\" content=\"https:\/\/veltenalimentos.com.br\/wp-content\/uploads\/2022\/10\/thumb-video.png\" \/>\n\t<meta property=\"og:image:width\" content=\"629\" \/>\n\t<meta property=\"og:image:height\" content=\"357\" \/>\n\t<meta property=\"og:image:type\" content=\"image\/png\" \/>\n<meta name=\"author\" content=\"valberandrade\" \/>\n<meta name=\"twitter:card\" content=\"summary_large_image\" \/>\n<meta name=\"twitter:label1\" content=\"Written by\" \/>\n\t<meta name=\"twitter:data1\" content=\"valberandrade\" \/>\n\t<meta name=\"twitter:label2\" content=\"Est. reading time\" \/>\n\t<meta name=\"twitter:data2\" content=\"1 minute\" \/>\n<script type=\"application\/ld+json\" class=\"yoast-schema-graph\">{\"@context\":\"https:\\\/\\\/schema.org\",\"@graph\":[{\"@type\":\"Article\",\"@id\":\"https:\\\/\\\/veltenalimentos.com.br\\\/2022\\\/10\\\/04\\\/confira-como-e-o-processo-de-producao-de-ovos-de-codorna-em-conserva-no-es\\\/#article\",\"isPartOf\":{\"@id\":\"https:\\\/\\\/veltenalimentos.com.br\\\/2022\\\/10\\\/04\\\/confira-como-e-o-processo-de-producao-de-ovos-de-codorna-em-conserva-no-es\\\/\"},\"author\":{\"name\":\"valberandrade\",\"@id\":\"https:\\\/\\\/veltenalimentos.com.br\\\/#\\\/schema\\\/person\\\/66c4ef9416a0d202853e4906c5401a62\"},\"headline\":\"Confira como \u00e9 o processo de produ\u00e7\u00e3o de ovos de codorna em conserva no ES\",\"datePublished\":\"2022-10-04T20:06:36+00:00\",\"dateModified\":\"2022-10-04T20:09:03+00:00\",\"mainEntityOfPage\":{\"@id\":\"https:\\\/\\\/veltenalimentos.com.br\\\/2022\\\/10\\\/04\\\/confira-como-e-o-processo-de-producao-de-ovos-de-codorna-em-conserva-no-es\\\/\"},\"wordCount\":46,\"commentCount\":0,\"image\":{\"@id\":\"https:\\\/\\\/veltenalimentos.com.br\\\/2022\\\/10\\\/04\\\/confira-como-e-o-processo-de-producao-de-ovos-de-codorna-em-conserva-no-es\\\/#primaryimage\"},\"thumbnailUrl\":\"https:\\\/\\\/veltenalimentos.com.br\\\/wp-content\\\/uploads\\\/2022\\\/10\\\/thumb-video.png\",\"articleSection\":[\"M\u00eddia\"],\"inLanguage\":\"en-US\",\"potentialAction\":[{\"@type\":\"CommentAction\",\"name\":\"Comment\",\"target\":[\"https:\\\/\\\/veltenalimentos.com.br\\\/2022\\\/10\\\/04\\\/confira-como-e-o-processo-de-producao-de-ovos-de-codorna-em-conserva-no-es\\\/#respond\"]}]},{\"@type\":\"WebPage\",\"@id\":\"https:\\\/\\\/veltenalimentos.com.br\\\/2022\\\/10\\\/04\\\/confira-como-e-o-processo-de-producao-de-ovos-de-codorna-em-conserva-no-es\\\/\",\"url\":\"https:\\\/\\\/veltenalimentos.com.br\\\/2022\\\/10\\\/04\\\/confira-como-e-o-processo-de-producao-de-ovos-de-codorna-em-conserva-no-es\\\/\",\"name\":\"Confira como \u00e9 o processo de produ\u00e7\u00e3o de ovos de codorna em conserva no ES - Velten Alimentos\",\"isPartOf\":{\"@id\":\"https:\\\/\\\/veltenalimentos.com.br\\\/#website\"},\"primaryImageOfPage\":{\"@id\":\"https:\\\/\\\/veltenalimentos.com.br\\\/2022\\\/10\\\/04\\\/confira-como-e-o-processo-de-producao-de-ovos-de-codorna-em-conserva-no-es\\\/#primaryimage\"},\"image\":{\"@id\":\"https:\\\/\\\/veltenalimentos.com.br\\\/2022\\\/10\\\/04\\\/confira-como-e-o-processo-de-producao-de-ovos-de-codorna-em-conserva-no-es\\\/#primaryimage\"},\"thumbnailUrl\":\"https:\\\/\\\/veltenalimentos.com.br\\\/wp-content\\\/uploads\\\/2022\\\/10\\\/thumb-video.png\",\"datePublished\":\"2022-10-04T20:06:36+00:00\",\"dateModified\":\"2022-10-04T20:09:03+00:00\",\"author\":{\"@id\":\"https:\\\/\\\/veltenalimentos.com.br\\\/#\\\/schema\\\/person\\\/66c4ef9416a0d202853e4906c5401a62\"},\"description\":\"Confira como \u00e9 o processo de produ\u00e7\u00e3o de ovos de codorna em conserva no ES\",\"breadcrumb\":{\"@id\":\"https:\\\/\\\/veltenalimentos.com.br\\\/2022\\\/10\\\/04\\\/confira-como-e-o-processo-de-producao-de-ovos-de-codorna-em-conserva-no-es\\\/#breadcrumb\"},\"inLanguage\":\"en-US\",\"potentialAction\":[{\"@type\":\"ReadAction\",\"target\":[\"https:\\\/\\\/veltenalimentos.com.br\\\/2022\\\/10\\\/04\\\/confira-como-e-o-processo-de-producao-de-ovos-de-codorna-em-conserva-no-es\\\/\"]}]},{\"@type\":\"ImageObject\",\"inLanguage\":\"en-US\",\"@id\":\"https:\\\/\\\/veltenalimentos.com.br\\\/2022\\\/10\\\/04\\\/confira-como-e-o-processo-de-producao-de-ovos-de-codorna-em-conserva-no-es\\\/#primaryimage\",\"url\":\"https:\\\/\\\/veltenalimentos.com.br\\\/wp-content\\\/uploads\\\/2022\\\/10\\\/thumb-video.png\",\"contentUrl\":\"https:\\\/\\\/veltenalimentos.com.br\\\/wp-content\\\/uploads\\\/2022\\\/10\\\/thumb-video.png\",\"width\":629,\"height\":357},{\"@type\":\"BreadcrumbList\",\"@id\":\"https:\\\/\\\/veltenalimentos.com.br\\\/2022\\\/10\\\/04\\\/confira-como-e-o-processo-de-producao-de-ovos-de-codorna-em-conserva-no-es\\\/#breadcrumb\",\"itemListElement\":[{\"@type\":\"ListItem\",\"position\":1,\"name\":\"In\u00edcio\",\"item\":\"https:\\\/\\\/veltenalimentos.com.br\\\/\"},{\"@type\":\"ListItem\",\"position\":2,\"name\":\"Confira como \u00e9 o processo de produ\u00e7\u00e3o de ovos de codorna em conserva no ES\"}]},{\"@type\":\"WebSite\",\"@id\":\"https:\\\/\\\/veltenalimentos.com.br\\\/#website\",\"url\":\"https:\\\/\\\/veltenalimentos.com.br\\\/\",\"name\":\"Velten Alimentos\",\"description\":\"Ovos de Codorna em Conserva\",\"potentialAction\":[{\"@type\":\"SearchAction\",\"target\":{\"@type\":\"EntryPoint\",\"urlTemplate\":\"https:\\\/\\\/veltenalimentos.com.br\\\/?s={search_term_string}\"},\"query-input\":{\"@type\":\"PropertyValueSpecification\",\"valueRequired\":true,\"valueName\":\"search_term_string\"}}],\"inLanguage\":\"en-US\"},{\"@type\":\"Person\",\"@id\":\"https:\\\/\\\/veltenalimentos.com.br\\\/#\\\/schema\\\/person\\\/66c4ef9416a0d202853e4906c5401a62\",\"name\":\"valberandrade\",\"image\":{\"@type\":\"ImageObject\",\"inLanguage\":\"en-US\",\"@id\":\"https:\\\/\\\/secure.gravatar.com\\\/avatar\\\/bacc1b159bdb932ffb955ed1e1a8f8da07f9fe2c7c687561222f339557e3450a?s=96&d=mm&r=g\",\"url\":\"https:\\\/\\\/secure.gravatar.com\\\/avatar\\\/bacc1b159bdb932ffb955ed1e1a8f8da07f9fe2c7c687561222f339557e3450a?s=96&d=mm&r=g\",\"contentUrl\":\"https:\\\/\\\/secure.gravatar.com\\\/avatar\\\/bacc1b159bdb932ffb955ed1e1a8f8da07f9fe2c7c687561222f339557e3450a?s=96&d=mm&r=g\",\"caption\":\"valberandrade\"},\"sameAs\":[\"http:\\\/\\\/testemangue.com.br\\\/valber\\\/velten-alimentos\"],\"url\":\"https:\\\/\\\/veltenalimentos.com.br\\\/en\\\/author\\\/valberandrade\\\/\"}]}<\/script>\n<!-- \/ Yoast SEO plugin. -->","yoast_head_json":{"title":"Confira como \u00e9 o processo de produ\u00e7\u00e3o de ovos de codorna em conserva no ES - Velten Alimentos","description":"Confira como \u00e9 o processo de produ\u00e7\u00e3o de ovos de codorna em conserva no ES","robots":{"index":"index","follow":"follow","max-snippet":"max-snippet:-1","max-image-preview":"max-image-preview:large","max-video-preview":"max-video-preview:-1"},"canonical":"https:\/\/veltenalimentos.com.br\/en\/2022\/10\/04\/confira-como-e-o-processo-de-producao-de-ovos-de-codorna-em-conserva-no-es\/","og_locale":"en_US","og_type":"article","og_title":"Confira como \u00e9 o processo de produ\u00e7\u00e3o de ovos de codorna em conserva no ES - Velten Alimentos","og_description":"Confira como \u00e9 o processo de produ\u00e7\u00e3o de ovos de codorna em conserva no ES","og_url":"https:\/\/veltenalimentos.com.br\/en\/2022\/10\/04\/confira-como-e-o-processo-de-producao-de-ovos-de-codorna-em-conserva-no-es\/","og_site_name":"Velten Alimentos","article_published_time":"2022-10-04T20:06:36+00:00","article_modified_time":"2022-10-04T20:09:03+00:00","og_image":[{"width":629,"height":357,"url":"https:\/\/veltenalimentos.com.br\/wp-content\/uploads\/2022\/10\/thumb-video.png","type":"image\/png"}],"author":"valberandrade","twitter_card":"summary_large_image","twitter_misc":{"Written by":"valberandrade","Est. reading time":"1 minute"},"schema":{"@context":"https:\/\/schema.org","@graph":[{"@type":"Article","@id":"https:\/\/veltenalimentos.com.br\/2022\/10\/04\/confira-como-e-o-processo-de-producao-de-ovos-de-codorna-em-conserva-no-es\/#article","isPartOf":{"@id":"https:\/\/veltenalimentos.com.br\/2022\/10\/04\/confira-como-e-o-processo-de-producao-de-ovos-de-codorna-em-conserva-no-es\/"},"author":{"name":"valberandrade","@id":"https:\/\/veltenalimentos.com.br\/#\/schema\/person\/66c4ef9416a0d202853e4906c5401a62"},"headline":"Confira como \u00e9 o processo de produ\u00e7\u00e3o de ovos de codorna em conserva no ES","datePublished":"2022-10-04T20:06:36+00:00","dateModified":"2022-10-04T20:09:03+00:00","mainEntityOfPage":{"@id":"https:\/\/veltenalimentos.com.br\/2022\/10\/04\/confira-como-e-o-processo-de-producao-de-ovos-de-codorna-em-conserva-no-es\/"},"wordCount":46,"commentCount":0,"image":{"@id":"https:\/\/veltenalimentos.com.br\/2022\/10\/04\/confira-como-e-o-processo-de-producao-de-ovos-de-codorna-em-conserva-no-es\/#primaryimage"},"thumbnailUrl":"https:\/\/veltenalimentos.com.br\/wp-content\/uploads\/2022\/10\/thumb-video.png","articleSection":["M\u00eddia"],"inLanguage":"en-US","potentialAction":[{"@type":"CommentAction","name":"Comment","target":["https:\/\/veltenalimentos.com.br\/2022\/10\/04\/confira-como-e-o-processo-de-producao-de-ovos-de-codorna-em-conserva-no-es\/#respond"]}]},{"@type":"WebPage","@id":"https:\/\/veltenalimentos.com.br\/2022\/10\/04\/confira-como-e-o-processo-de-producao-de-ovos-de-codorna-em-conserva-no-es\/","url":"https:\/\/veltenalimentos.com.br\/2022\/10\/04\/confira-como-e-o-processo-de-producao-de-ovos-de-codorna-em-conserva-no-es\/","name":"Confira como \u00e9 o processo de produ\u00e7\u00e3o de ovos de codorna em conserva no ES - Velten Alimentos","isPartOf":{"@id":"https:\/\/veltenalimentos.com.br\/#website"},"primaryImageOfPage":{"@id":"https:\/\/veltenalimentos.com.br\/2022\/10\/04\/confira-como-e-o-processo-de-producao-de-ovos-de-codorna-em-conserva-no-es\/#primaryimage"},"image":{"@id":"https:\/\/veltenalimentos.com.br\/2022\/10\/04\/confira-como-e-o-processo-de-producao-de-ovos-de-codorna-em-conserva-no-es\/#primaryimage"},"thumbnailUrl":"https:\/\/veltenalimentos.com.br\/wp-content\/uploads\/2022\/10\/thumb-video.png","datePublished":"2022-10-04T20:06:36+00:00","dateModified":"2022-10-04T20:09:03+00:00","author":{"@id":"https:\/\/veltenalimentos.com.br\/#\/schema\/person\/66c4ef9416a0d202853e4906c5401a62"},"description":"Confira como \u00e9 o processo de produ\u00e7\u00e3o de ovos de codorna em conserva no ES","breadcrumb":{"@id":"https:\/\/veltenalimentos.com.br\/2022\/10\/04\/confira-como-e-o-processo-de-producao-de-ovos-de-codorna-em-conserva-no-es\/#breadcrumb"},"inLanguage":"en-US","potentialAction":[{"@type":"ReadAction","target":["https:\/\/veltenalimentos.com.br\/2022\/10\/04\/confira-como-e-o-processo-de-producao-de-ovos-de-codorna-em-conserva-no-es\/"]}]},{"@type":"ImageObject","inLanguage":"en-US","@id":"https:\/\/veltenalimentos.com.br\/2022\/10\/04\/confira-como-e-o-processo-de-producao-de-ovos-de-codorna-em-conserva-no-es\/#primaryimage","url":"https:\/\/veltenalimentos.com.br\/wp-content\/uploads\/2022\/10\/thumb-video.png","contentUrl":"https:\/\/veltenalimentos.com.br\/wp-content\/uploads\/2022\/10\/thumb-video.png","width":629,"height":357},{"@type":"BreadcrumbList","@id":"https:\/\/veltenalimentos.com.br\/2022\/10\/04\/confira-como-e-o-processo-de-producao-de-ovos-de-codorna-em-conserva-no-es\/#breadcrumb","itemListElement":[{"@type":"ListItem","position":1,"name":"In\u00edcio","item":"https:\/\/veltenalimentos.com.br\/"},{"@type":"ListItem","position":2,"name":"Confira como \u00e9 o processo de produ\u00e7\u00e3o de ovos de codorna em conserva no ES"}]},{"@type":"WebSite","@id":"https:\/\/veltenalimentos.com.br\/#website","url":"https:\/\/veltenalimentos.com.br\/","name":"Velten Alimentos","description":"Ovos de Codorna em Conserva","potentialAction":[{"@type":"SearchAction","target":{"@type":"EntryPoint","urlTemplate":"https:\/\/veltenalimentos.com.br\/?s={search_term_string}"},"query-input":{"@type":"PropertyValueSpecification","valueRequired":true,"valueName":"search_term_string"}}],"inLanguage":"en-US"},{"@type":"Person","@id":"https:\/\/veltenalimentos.com.br\/#\/schema\/person\/66c4ef9416a0d202853e4906c5401a62","name":"valberandrade","image":{"@type":"ImageObject","inLanguage":"en-US","@id":"https:\/\/secure.gravatar.com\/avatar\/bacc1b159bdb932ffb955ed1e1a8f8da07f9fe2c7c687561222f339557e3450a?s=96&d=mm&r=g","url":"https:\/\/secure.gravatar.com\/avatar\/bacc1b159bdb932ffb955ed1e1a8f8da07f9fe2c7c687561222f339557e3450a?s=96&d=mm&r=g","contentUrl":"https:\/\/secure.gravatar.com\/avatar\/bacc1b159bdb932ffb955ed1e1a8f8da07f9fe2c7c687561222f339557e3450a?s=96&d=mm&r=g","caption":"valberandrade"},"sameAs":["http:\/\/testemangue.com.br\/valber\/velten-alimentos"],"url":"https:\/\/veltenalimentos.com.br\/en\/author\/valberandrade\/"}]}},"_links":{"self":[{"href":"https:\/\/veltenalimentos.com.br\/en\/wp-json\/wp\/v2\/posts\/1823","targetHints":{"allow":["GET"]}}],"collection":[{"href":"https:\/\/veltenalimentos.com.br\/en\/wp-json\/wp\/v2\/posts"}],"about":[{"href":"https:\/\/veltenalimentos.com.br\/en\/wp-json\/wp\/v2\/types\/post"}],"author":[{"embeddable":true,"href":"https:\/\/veltenalimentos.com.br\/en\/wp-json\/wp\/v2\/users\/1"}],"replies":[{"embeddable":true,"href":"https:\/\/veltenalimentos.com.br\/en\/wp-json\/wp\/v2\/comments?post=1823"}],"version-history":[{"count":2,"href":"https:\/\/veltenalimentos.com.br\/en\/wp-json\/wp\/v2\/posts\/1823\/revisions"}],"predecessor-version":[{"id":1833,"href":"https:\/\/veltenalimentos.com.br\/en\/wp-json\/wp\/v2\/posts\/1823\/revisions\/1833"}],"wp:featuredmedia":[{"embeddable":true,"href":"https:\/\/veltenalimentos.com.br\/en\/wp-json\/wp\/v2\/media\/1826"}],"wp:attachment":[{"href":"https:\/\/veltenalimentos.com.br\/en\/wp-json\/wp\/v2\/media?parent=1823"}],"wp:term":[{"taxonomy":"category","embeddable":true,"href":"https:\/\/veltenalimentos.com.br\/en\/wp-json\/wp\/v2\/categories?post=1823"},{"taxonomy":"post_tag","embeddable":true,"href":"https:\/\/veltenalimentos.com.br\/en\/wp-json\/wp\/v2\/tags?post=1823"}],"curies":[{"name":"wp","href":"https:\/\/api.w.org\/{rel}","templated":true}]}}